{"id":3251,"date":"2022-11-25T15:20:45","date_gmt":"2022-11-25T14:20:45","guid":{"rendered":"https:\/\/moovency.com\/mesurer-absenteisme-ce-que-absenteisme-vous-coute\/"},"modified":"2024-06-20T11:28:51","modified_gmt":"2024-06-20T09:28:51","slug":"measuring-absenteeism-what-absenteeism-costs-you","status":"publish","type":"post","link":"https:\/\/moovency.com\/en\/measuring-absenteeism-what-absenteeism-costs-you\/","title":{"rendered":"Measuring absenteeism: what absenteeism costs you"},"content":{"rendered":"<section class=\"l-section wpb_row height_medium\"><div class=\"l-section-h i-cf\"><div class=\"g-cols vc_row via_flex valign_top type_default stacking_default\"><div class=\"vc_col-sm-12 wpb_column vc_column_container\"><div class=\"vc_column-inner\"><div class=\"wpb_wrapper\"><div class=\"wpb_text_column\"><div class=\"wpb_wrapper\"><h1><span data-contrast=\"auto\" xml:lang=\"EN-US\" lang=\"EN-US\" class=\"TextRun SCXW231840939 BCX0\"><span class=\"NormalTextRun SCXW231840939 BCX0\">Measuring absenteeism: <strong>what absenteeism costs you<\/strong><\/span><\/span><\/h1>\n<\/div><\/div><div class=\"w-separator size_medium\"><\/div><div class=\"wpb_text_column\"><div class=\"wpb_wrapper\"><p><span class=\"NormalTextRun SCXW11160835 BCX0\">Absenteeism has a cost, <\/span><span class=\"NormalTextRun SCXW11160835 BCX0\">that&#8217;s<\/span><span class=\"NormalTextRun SCXW11160835 BCX0\"> a fact: it causes financial losses, but also human and material losses. In France, absenteeism costs a company around \u20ac3,500 a year per employee, or \u20ac25 billion, a sobering figure when you consider that absenteeism has been on the rise since 2017. In this article, <\/span><span class=\"NormalTextRun SCXW11160835 BCX0\">Moovency&#8217;s<\/span><span class=\"NormalTextRun SCXW11160835 BCX0\"> health prevention experts help you understand the direct and indirect costs of absenteeism in your company<strong>. Learn how to measure your absenteeism rate and follow the right indicators.<\/strong><\/span><\/p>\n<\/div><\/div><\/div><\/div><\/div><\/div><\/div><\/section><section class=\"l-section wpb_row height_medium\"><div class=\"l-section-h i-cf\"><div class=\"g-cols vc_row via_flex valign_top type_default stacking_default\"><div class=\"vc_col-sm-12 wpb_column vc_column_container\"><div class=\"vc_column-inner\"><div class=\"wpb_wrapper\"><div class=\"wpb_text_column\"><div class=\"wpb_wrapper\"><h2><strong><span data-contrast=\"none\" xml:lang=\"EN-US\" lang=\"EN-US\" class=\"TextRun SCXW184395872 BCX0\"><span class=\"NormalTextRun SCXW184395872 BCX0\">Absenteeism figures<\/span><\/span><span class=\"EOP SCXW184395872 BCX0\" data-ccp-props=\"{&quot;201341983&quot;:0,&quot;335551550&quot;:6,&quot;335551620&quot;:6,&quot;335559739&quot;:160,&quot;335559740&quot;:259}\">\u00a0<\/span><\/strong><\/h2>\n<\/div><\/div><div class=\"w-separator size_medium\"><\/div><div class=\"wpb_text_column\"><div class=\"wpb_wrapper\"><p><i><span data-contrast=\"auto\">[For a definition of absenteeism and the causes of absenteeism, read our previous article : <a href=\"https:\/\/moovency.com\/en\/employee-absenteeism-why-are-so-many-employees-absent\/\">\u00a0<\/a><\/span><\/i><a href=\"https:\/\/moovency.com\/en\/employee-absenteeism-why-are-so-many-employees-absent\/\"><strong>Absenteeism at work: why are so many employees absent?]\u00a0<\/strong><\/a><\/p>\n<p><span data-ccp-props=\"{&quot;201341983&quot;:0,&quot;335551550&quot;:6,&quot;335551620&quot;:6,&quot;335559739&quot;:160,&quot;335559740&quot;:259}\">\u00a0<\/span><\/p>\n<ul>\n<li data-leveltext=\"\uf0b7\" data-font=\"Symbol\" data-listid=\"1\" data-list-defn-props=\"{&quot;335552541&quot;:1,&quot;335559685&quot;:720,&quot;335559991&quot;:360,&quot;469769226&quot;:&quot;Symbol&quot;,&quot;469769242&quot;:&#091;8226&#093;,&quot;469777803&quot;:&quot;left&quot;,&quot;469777804&quot;:&quot;\uf0b7&quot;,&quot;469777815&quot;:&quot;hybridMultilevel&quot;}\" aria-setsize=\"-1\" data-aria-posinset=\"1\" data-aria-level=\"1\"><span data-contrast=\"auto\">On average, employees in France are absent for 14 days a year ;<\/span><span data-ccp-props=\"{&quot;201341983&quot;:0,&quot;335551550&quot;:6,&quot;335551620&quot;:6,&quot;335559739&quot;:160,&quot;335559740&quot;:259}\">\u00a0<\/span><\/li>\n<\/ul>\n<ul>\n<li data-leveltext=\"\uf0b7\" data-font=\"Symbol\" data-listid=\"2\" data-list-defn-props=\"{&quot;335552541&quot;:1,&quot;335559685&quot;:720,&quot;335559991&quot;:360,&quot;469769226&quot;:&quot;Symbol&quot;,&quot;469769242&quot;:&#091;8226&#093;,&quot;469777803&quot;:&quot;left&quot;,&quot;469777804&quot;:&quot;\uf0b7&quot;,&quot;469777815&quot;:&quot;hybridMultilevel&quot;}\" aria-setsize=\"-1\" data-aria-posinset=\"1\" data-aria-level=\"1\"><span data-contrast=\"auto\">From 2017 to 2021, absenteeism rose by 4% in France ;<\/span><span data-ccp-props=\"{&quot;201341983&quot;:0,&quot;335551550&quot;:6,&quot;335551620&quot;:6,&quot;335559739&quot;:160,&quot;335559740&quot;:259}\">\u00a0<\/span><\/li>\n<\/ul>\n<ul>\n<li data-leveltext=\"\uf0b7\" data-font=\"Symbol\" data-listid=\"3\" data-list-defn-props=\"{&quot;335552541&quot;:1,&quot;335559685&quot;:720,&quot;335559991&quot;:360,&quot;469769226&quot;:&quot;Symbol&quot;,&quot;469769242&quot;:&#091;8226&#093;,&quot;469777803&quot;:&quot;left&quot;,&quot;469777804&quot;:&quot;\uf0b7&quot;,&quot;469777815&quot;:&quot;hybridMultilevel&quot;}\" aria-setsize=\"-1\" data-aria-posinset=\"1\" data-aria-level=\"1\"><span data-contrast=\"auto\">All age groups and job types are concerned. The greatest increase in absenteeism is among young people under 35. It reached +54% over the period ;<\/span><span data-ccp-props=\"{&quot;201341983&quot;:0,&quot;335551550&quot;:6,&quot;335551620&quot;:6,&quot;335559739&quot;:160,&quot;335559740&quot;:259}\">\u00a0<\/span><\/li>\n<li data-leveltext=\"\uf0b7\" data-font=\"Symbol\" data-listid=\"3\" data-list-defn-props=\"{&quot;335552541&quot;:1,&quot;335559685&quot;:720,&quot;335559991&quot;:360,&quot;469769226&quot;:&quot;Symbol&quot;,&quot;469769242&quot;:&#091;8226&#093;,&quot;469777803&quot;:&quot;left&quot;,&quot;469777804&quot;:&quot;\uf0b7&quot;,&quot;469777815&quot;:&quot;hybridMultilevel&quot;}\" aria-setsize=\"-1\" data-aria-posinset=\"2\" data-aria-level=\"1\"><span data-contrast=\"auto\">In France, absenteeism costs companies around \u20ac3,500 per employee per year, or \u20ac25 billion. If we take hidden costs into account, the total comes to 4,059 euros per employee. That&#8217;s 4.7% of France&#8217;s GDP (Gross Domestic Product) ;<\/span><span data-ccp-props=\"{&quot;201341983&quot;:0,&quot;335551550&quot;:6,&quot;335551620&quot;:6,&quot;335559739&quot;:160,&quot;335559740&quot;:259}\">\u00a0<\/span><\/li>\n<li data-leveltext=\"\uf0b7\" data-font=\"Symbol\" data-listid=\"3\" data-list-defn-props=\"{&quot;335552541&quot;:1,&quot;335559685&quot;:720,&quot;335559991&quot;:360,&quot;469769226&quot;:&quot;Symbol&quot;,&quot;469769242&quot;:&#091;8226&#093;,&quot;469777803&quot;:&quot;left&quot;,&quot;469777804&quot;:&quot;\uf0b7&quot;,&quot;469777815&quot;:&quot;hybridMultilevel&quot;}\" aria-setsize=\"-1\" data-aria-posinset=\"2\" data-aria-level=\"1\"><span data-contrast=\"auto\">50% of employees suffering from chronic low-back pain will not return to work after a break of more than 6 months.<\/span><span data-ccp-props=\"{&quot;201341983&quot;:0,&quot;335551550&quot;:6,&quot;335551620&quot;:6,&quot;335559739&quot;:160,&quot;335559740&quot;:259}\">\u00a0<\/span><\/li>\n<\/ul>\n<ul>\n<li style=\"list-style-type: none;\"><\/li>\n<\/ul>\n<\/div><\/div><div class=\"w-separator size_medium\"><\/div><div class=\"g-cols wpb_row via_flex valign_top type_default stacking_default\"><div class=\"vc_col-sm-6 wpb_column vc_column_container\"><div class=\"vc_column-inner\"><div class=\"wpb_wrapper\"><div class=\"w-counter color_primary align_center animation_none\" data-duration=\"2.5\" style=\"--w-counter-duration: 2.5s;\"><div class=\"w-counter-value\" aria-label=\"14\"><span class=\"w-counter-value-part final\" aria-hidden=\"true\">14<\/span><span class=\"w-counter-value-part hidden type_text\" aria-hidden=\"true\" data-final><\/span><span class=\"w-counter-value-part hidden type_number\" aria-hidden=\"true\" data-final=\"14\">1<\/span><span class=\"w-counter-value-part hidden type_text\" aria-hidden=\"true\" data-final><\/span><\/div><h6 class=\"w-counter-title\">days absence per year<\/h6><\/div><\/div><\/div><\/div><div class=\"vc_col-sm-6 wpb_column vc_column_container\"><div class=\"vc_column-inner\"><div class=\"wpb_wrapper\"><div class=\"w-counter color_primary align_center animation_none\" data-duration=\"2.5\" style=\"--w-counter-duration: 2.5s;\"><div class=\"w-counter-value\" aria-label=\"50%\"><span class=\"w-counter-value-part final\" aria-hidden=\"true\">50%<\/span><span class=\"w-counter-value-part hidden type_text\" aria-hidden=\"true\" data-final><\/span><span class=\"w-counter-value-part hidden type_number\" aria-hidden=\"true\" data-final=\"50\">1<\/span><span class=\"w-counter-value-part hidden type_text\" aria-hidden=\"true\" data-final=\"%\"><\/span><\/div><h6 class=\"w-counter-title\">suffering from chronic low-back pain will not return to work<\/h6><\/div><\/div><\/div><\/div><\/div><\/div><\/div><\/div><\/div><\/div><\/section><section class=\"l-section wpb_row height_medium\"><div class=\"l-section-h i-cf\"><div class=\"g-cols vc_row via_flex valign_top type_default stacking_default\"><div class=\"vc_col-sm-12 wpb_column vc_column_container\"><div class=\"vc_column-inner\"><div class=\"wpb_wrapper\"><div class=\"wpb_text_column\"><div class=\"wpb_wrapper\"><h2>Calculating absenteeism,<strong> the direct and indirect costs of absenteeism<\/strong><\/h2>\n<p><span><br \/>\n<\/span><\/p>\n<\/div><\/div><div class=\"w-separator size_medium\"><\/div><div class=\"wpb_text_column\"><div class=\"wpb_wrapper\"><h3><span data-contrast=\"auto\" xml:lang=\"EN-US\" lang=\"EN-US\" class=\"TextRun SCXW265162756 BCX0\"><span class=\"NormalTextRun SCXW265162756 BCX0\">The <\/span><\/span><span data-contrast=\"auto\" xml:lang=\"EN-US\" lang=\"EN-US\" class=\"TextRun SCXW265162756 BCX0\"><span class=\"NormalTextRun SCXW265162756 BCX0\">direct<\/span><\/span><span data-contrast=\"auto\" xml:lang=\"EN-US\" lang=\"EN-US\" class=\"TextRun SCXW265162756 BCX0\"><span class=\"NormalTextRun SCXW265162756 BCX0\"> costs of absenteeism<\/span><\/span><\/h3>\n<\/div><\/div><div class=\"w-separator size_small\"><\/div><div class=\"wpb_text_column\"><div class=\"wpb_wrapper\"><p><span data-contrast=\"auto\">The direct costs of absenteeism are the easiest to understand. They are linked to the costs incurred by absences, in particular :<\/span><span data-ccp-props=\"{&quot;201341983&quot;:0,&quot;335551550&quot;:6,&quot;335551620&quot;:6,&quot;335559739&quot;:160,&quot;335559740&quot;:259}\">\u00a0<\/span><\/p>\n<p>&nbsp;<\/p>\n<ul>\n<li data-leveltext=\"\uf0b7\" data-font=\"Symbol\" data-listid=\"4\" data-list-defn-props=\"{&quot;335552541&quot;:1,&quot;335559685&quot;:720,&quot;335559991&quot;:360,&quot;469769226&quot;:&quot;Symbol&quot;,&quot;469769242&quot;:&#091;8226&#093;,&quot;469777803&quot;:&quot;left&quot;,&quot;469777804&quot;:&quot;\uf0b7&quot;,&quot;469777815&quot;:&quot;hybridMultilevel&quot;}\" aria-setsize=\"-1\" data-aria-posinset=\"1\" data-aria-level=\"1\"><span data-contrast=\"auto\">Maintaining the absent employee&#8217;s salary, part of which is paid by the employer. The employer pays the difference between the daily allowance (IJ) paid by the insurance company and the salary of the terminated employee ;<\/span><span data-ccp-props=\"{&quot;201341983&quot;:0,&quot;335551550&quot;:6,&quot;335551620&quot;:6,&quot;335559739&quot;:160,&quot;335559740&quot;:259}\">\u00a0<\/span><\/li>\n<\/ul>\n<ul>\n<li data-leveltext=\"\uf0b7\" data-font=\"Symbol\" data-listid=\"4\" data-list-defn-props=\"{&quot;335552541&quot;:1,&quot;335559685&quot;:720,&quot;335559991&quot;:360,&quot;469769226&quot;:&quot;Symbol&quot;,&quot;469769242&quot;:&#091;8226&#093;,&quot;469777803&quot;:&quot;left&quot;,&quot;469777804&quot;:&quot;\uf0b7&quot;,&quot;469777815&quot;:&quot;hybridMultilevel&quot;}\" aria-setsize=\"-1\" data-aria-posinset=\"2\" data-aria-level=\"1\"><span data-contrast=\"auto\">The amount of the AT\/MP contribution (Urssaf \u2013 These are contributions made by companies for work-related accidents), proportional to the number of accidents at work and occupational illnesses declared by the company during the year ;\u00a0<\/span><span data-ccp-props=\"{&quot;201341983&quot;:0,&quot;335551550&quot;:6,&quot;335551620&quot;:6,&quot;335559739&quot;:160,&quot;335559740&quot;:259}\">\u00a0<\/span><\/li>\n<\/ul>\n<ul>\n<li data-leveltext=\"\uf0b7\" data-font=\"Symbol\" data-listid=\"4\" data-list-defn-props=\"{&quot;335552541&quot;:1,&quot;335559685&quot;:720,&quot;335559991&quot;:360,&quot;469769226&quot;:&quot;Symbol&quot;,&quot;469769242&quot;:&#091;8226&#093;,&quot;469777803&quot;:&quot;left&quot;,&quot;469777804&quot;:&quot;\uf0b7&quot;,&quot;469777815&quot;:&quot;hybridMultilevel&quot;}\" aria-setsize=\"-1\" data-aria-posinset=\"3\" data-aria-level=\"1\"><span data-contrast=\"auto\">The cost of waiting days paid by the employer;<\/span><span data-ccp-props=\"{&quot;201341983&quot;:0,&quot;335551550&quot;:6,&quot;335551620&quot;:6,&quot;335559739&quot;:160,&quot;335559740&quot;:259}\">\u00a0<\/span><\/li>\n<\/ul>\n<ul>\n<li data-leveltext=\"\uf0b7\" data-font=\"Symbol\" data-listid=\"4\" data-list-defn-props=\"{&quot;335552541&quot;:1,&quot;335559685&quot;:720,&quot;335559991&quot;:360,&quot;469769226&quot;:&quot;Symbol&quot;,&quot;469769242&quot;:&#091;8226&#093;,&quot;469777803&quot;:&quot;left&quot;,&quot;469777804&quot;:&quot;\uf0b7&quot;,&quot;469777815&quot;:&quot;hybridMultilevel&quot;}\" aria-setsize=\"-1\" data-aria-posinset=\"4\" data-aria-level=\"1\"><span data-contrast=\"auto\">Possibly medical or hospital expenses.<\/span><span data-ccp-props=\"{&quot;201341983&quot;:0,&quot;335551550&quot;:6,&quot;335551620&quot;:6,&quot;335559739&quot;:160,&quot;335559740&quot;:259}\">\u00a0<\/span><\/li>\n<\/ul>\n<\/div><\/div><div class=\"w-separator size_medium\"><\/div><div class=\"wpb_text_column\"><div class=\"wpb_wrapper\"><h3><span data-contrast=\"auto\" xml:lang=\"EN-US\" lang=\"EN-US\" class=\"TextRun SCXW106400910 BCX0\"><span class=\"NormalTextRun SCXW106400910 BCX0\">The indirect costs of absenteeism<\/span><\/span><span class=\"EOP SCXW106400910 BCX0\" data-ccp-props=\"{&quot;201341983&quot;:0,&quot;335551550&quot;:6,&quot;335551620&quot;:6,&quot;335559739&quot;:160,&quot;335559740&quot;:259}\">\u00a0<\/span><\/h3>\n<\/div><\/div><div class=\"w-separator size_small\"><\/div><div class=\"wpb_text_column\"><div class=\"wpb_wrapper\"><p><span data-contrast=\"auto\">Indirect costs, often less easy to estimate, weigh heavily on a company&#8217;s balance sheet. They cost between 3 and 5 times the value of direct costs. They include :\u00a0<\/span><span data-ccp-props=\"{&quot;201341983&quot;:0,&quot;335551550&quot;:6,&quot;335551620&quot;:6,&quot;335559739&quot;:160,&quot;335559740&quot;:259}\">\u00a0<\/span><\/p>\n<p>&nbsp;<\/p>\n<ul>\n<li data-leveltext=\"\uf0b7\" data-font=\"Symbol\" data-listid=\"5\" data-list-defn-props=\"{&quot;335552541&quot;:1,&quot;335559685&quot;:720,&quot;335559991&quot;:360,&quot;469769226&quot;:&quot;Symbol&quot;,&quot;469769242&quot;:&#091;8226&#093;,&quot;469777803&quot;:&quot;left&quot;,&quot;469777804&quot;:&quot;\uf0b7&quot;,&quot;469777815&quot;:&quot;hybridMultilevel&quot;}\" aria-setsize=\"-1\" data-aria-posinset=\"1\" data-aria-level=\"1\"><span data-contrast=\"auto\">Time lost due to accidents or production stoppages ;\u00a0<\/span><span data-ccp-props=\"{&quot;201341983&quot;:0,&quot;335551550&quot;:6,&quot;335551620&quot;:6,&quot;335559739&quot;:160,&quot;335559740&quot;:259}\">\u00a0<\/span><\/li>\n<\/ul>\n<ul>\n<li data-leveltext=\"\uf0b7\" data-font=\"Symbol\" data-listid=\"5\" data-list-defn-props=\"{&quot;335552541&quot;:1,&quot;335559685&quot;:720,&quot;335559991&quot;:360,&quot;469769226&quot;:&quot;Symbol&quot;,&quot;469769242&quot;:&#091;8226&#093;,&quot;469777803&quot;:&quot;left&quot;,&quot;469777804&quot;:&quot;\uf0b7&quot;,&quot;469777815&quot;:&quot;hybridMultilevel&quot;}\" aria-setsize=\"-1\" data-aria-posinset=\"2\" data-aria-level=\"1\"><span data-contrast=\"auto\">Replacement of equipment, which may be damaged during the accident;\u00a0<\/span><span data-ccp-props=\"{&quot;201341983&quot;:0,&quot;335551550&quot;:6,&quot;335551620&quot;:6,&quot;335559739&quot;:160,&quot;335559740&quot;:259}\">\u00a0<\/span><\/li>\n<\/ul>\n<ul>\n<li data-leveltext=\"\uf0b7\" data-font=\"Symbol\" data-listid=\"5\" data-list-defn-props=\"{&quot;335552541&quot;:1,&quot;335559685&quot;:720,&quot;335559991&quot;:360,&quot;469769226&quot;:&quot;Symbol&quot;,&quot;469769242&quot;:&#091;8226&#093;,&quot;469777803&quot;:&quot;left&quot;,&quot;469777804&quot;:&quot;\uf0b7&quot;,&quot;469777815&quot;:&quot;hybridMultilevel&quot;}\" aria-setsize=\"-1\" data-aria-posinset=\"3\" data-aria-level=\"1\"><span data-contrast=\"auto\">Personnel management and replacement costs: additional workload for human resources, recruitment, training and integration of new employees ;\u00a0<\/span><span data-ccp-props=\"{&quot;201341983&quot;:0,&quot;335551550&quot;:6,&quot;335551620&quot;:6,&quot;335559739&quot;:160,&quot;335559740&quot;:259}\">\u00a0<\/span><\/li>\n<\/ul>\n<ul>\n<li data-leveltext=\"\uf0b7\" data-font=\"Symbol\" data-listid=\"5\" data-list-defn-props=\"{&quot;335552541&quot;:1,&quot;335559685&quot;:720,&quot;335559991&quot;:360,&quot;469769226&quot;:&quot;Symbol&quot;,&quot;469769242&quot;:&#091;8226&#093;,&quot;469777803&quot;:&quot;left&quot;,&quot;469777804&quot;:&quot;\uf0b7&quot;,&quot;469777815&quot;:&quot;hybridMultilevel&quot;}\" aria-setsize=\"-1\" data-aria-posinset=\"4\" data-aria-level=\"1\"><span data-contrast=\"auto\">Loss of productivity in departments faced with prolonged absences ;<\/span><span data-ccp-props=\"{&quot;201341983&quot;:0,&quot;335551550&quot;:6,&quot;335551620&quot;:6,&quot;335559739&quot;:160,&quot;335559740&quot;:259}\">\u00a0<\/span><\/li>\n<\/ul>\n<ul>\n<li data-leveltext=\"\uf0b7\" data-font=\"Symbol\" data-listid=\"5\" data-list-defn-props=\"{&quot;335552541&quot;:1,&quot;335559685&quot;:720,&quot;335559991&quot;:360,&quot;469769226&quot;:&quot;Symbol&quot;,&quot;469769242&quot;:&#091;8226&#093;,&quot;469777803&quot;:&quot;left&quot;,&quot;469777804&quot;:&quot;\uf0b7&quot;,&quot;469777815&quot;:&quot;hybridMultilevel&quot;}\" aria-setsize=\"-1\" data-aria-posinset=\"5\" data-aria-level=\"1\"><span data-contrast=\"auto\">Loss of know-how due to the departure of a skilled employee. These long-acquired skills and know-how are sometimes very difficult to replace in certain sectors or geographical areas where the labor market is under pressure ;<\/span><span data-ccp-props=\"{&quot;201341983&quot;:0,&quot;335551550&quot;:6,&quot;335551620&quot;:6,&quot;335559739&quot;:160,&quot;335559740&quot;:259}\">\u00a0<\/span><\/li>\n<\/ul>\n<ul>\n<li data-leveltext=\"\uf0b7\" data-font=\"Symbol\" data-listid=\"5\" data-list-defn-props=\"{&quot;335552541&quot;:1,&quot;335559685&quot;:720,&quot;335559991&quot;:360,&quot;469769226&quot;:&quot;Symbol&quot;,&quot;469769242&quot;:&#091;8226&#093;,&quot;469777803&quot;:&quot;left&quot;,&quot;469777804&quot;:&quot;\uf0b7&quot;,&quot;469777815&quot;:&quot;hybridMultilevel&quot;}\" aria-setsize=\"-1\" data-aria-posinset=\"6\" data-aria-level=\"1\"><span data-contrast=\"auto\">Additional absences caused by deteriorating working conditions: not enough FTEs to function, demotivation of the rest of the team, stress and psycho-social risks that accumulate for employees ;<\/span><span data-ccp-props=\"{&quot;201341983&quot;:0,&quot;335551550&quot;:6,&quot;335551620&quot;:6,&quot;335559739&quot;:160,&quot;335559740&quot;:259}\">\u00a0<\/span><\/li>\n<\/ul>\n<ul>\n<li data-leveltext=\"\uf0b7\" data-font=\"Symbol\" data-listid=\"5\" data-list-defn-props=\"{&quot;335552541&quot;:1,&quot;335559685&quot;:720,&quot;335559991&quot;:360,&quot;469769226&quot;:&quot;Symbol&quot;,&quot;469769242&quot;:&#091;8226&#093;,&quot;469777803&quot;:&quot;left&quot;,&quot;469777804&quot;:&quot;\uf0b7&quot;,&quot;469777815&quot;:&quot;hybridMultilevel&quot;}\" aria-setsize=\"-1\" data-aria-posinset=\"7\" data-aria-level=\"1\"><span data-contrast=\"auto\">Time spent with external services (CARSAT \u2013 French institute protecting the health and safety of employees in the workplace -,\u00a0 labor inspectorate, etc.);<\/span><span data-ccp-props=\"{&quot;201341983&quot;:0,&quot;335551550&quot;:6,&quot;335551620&quot;:6,&quot;335559739&quot;:160,&quot;335559740&quot;:259}\">\u00a0<\/span><\/li>\n<\/ul>\n<ul>\n<li data-leveltext=\"\uf0b7\" data-font=\"Symbol\" data-listid=\"5\" data-list-defn-props=\"{&quot;335552541&quot;:1,&quot;335559685&quot;:720,&quot;335559991&quot;:360,&quot;469769226&quot;:&quot;Symbol&quot;,&quot;469769242&quot;:&#091;8226&#093;,&quot;469777803&quot;:&quot;left&quot;,&quot;469777804&quot;:&quot;\uf0b7&quot;,&quot;469777815&quot;:&quot;hybridMultilevel&quot;}\" aria-setsize=\"-1\" data-aria-posinset=\"8\" data-aria-level=\"1\"><span data-contrast=\"auto\">Possible legal proceedings (lawyers&#8217; fees).<\/span><span data-ccp-props=\"{&quot;201341983&quot;:0,&quot;335551550&quot;:6,&quot;335551620&quot;:6,&quot;335559739&quot;:160,&quot;335559740&quot;:259}\">\u00a0<\/span><\/li>\n<\/ul>\n<p><span data-ccp-props=\"{&quot;201341983&quot;:0,&quot;335551550&quot;:6,&quot;335551620&quot;:6,&quot;335559739&quot;:160,&quot;335559740&quot;:259}\">\u00a0<\/span><\/p>\n<p><span data-contrast=\"auto\">For companies, a soaring absenteeism rate means a vicious circle of financial costs. If we look at absenteeism from the employee&#8217;s point of view, a long-term absence is not insignificant. It leads to a loss of income and a deterioration in health, both vectors of stress. When health problems lead to incapacity or disability, the whole company, from the employee to the state, is affected.<\/span><span data-ccp-props=\"{&quot;201341983&quot;:0,&quot;335551550&quot;:6,&quot;335551620&quot;:6,&quot;335559739&quot;:160,&quot;335559740&quot;:259}\">\u00a0<\/span><\/p>\n<\/div><\/div><\/div><\/div><\/div><\/div><\/div><\/section><section class=\"l-section wpb_row height_medium\"><div class=\"l-section-h i-cf\"><div class=\"g-cols vc_row via_flex valign_top type_default stacking_default\"><div class=\"vc_col-sm-12 wpb_column vc_column_container\"><div class=\"vc_column-inner\"><div class=\"wpb_wrapper\"><div class=\"wpb_text_column\"><div class=\"wpb_wrapper\"><h2>How to measure absenteeism in your company:<strong> indicators to track\u00a0<\/strong><\/h2>\n<p><span data-contrast=\"auto\" xml:lang=\"EN-US\" lang=\"EN-US\" class=\"TextRun SCXW158457996 BCX0\"><span class=\"NormalTextRun SCXW158457996 BCX0\">By choosing the right HR indicators to track in your dashboard, your company will be able to <\/span><span class=\"NormalTextRun SCXW158457996 BCX0\">monitor<\/span><span class=\"NormalTextRun SCXW158457996 BCX0\"> absenteeism, assess its causes and then take <\/span><span class=\"NormalTextRun SCXW158457996 BCX0\">appropriate action<\/span><span class=\"NormalTextRun SCXW158457996 BCX0\">. This is the first step towards an action plan.<\/span><\/span><span class=\"EOP SCXW158457996 BCX0\" data-ccp-props=\"{&quot;201341983&quot;:0,&quot;335551550&quot;:6,&quot;335551620&quot;:6,&quot;335559739&quot;:160,&quot;335559740&quot;:259}\">\u00a0<\/span><\/p>\n<\/div><\/div><div class=\"w-separator size_medium\"><\/div><div class=\"wpb_text_column\"><div class=\"wpb_wrapper\"><h3><b><span data-contrast=\"auto\">The absenteeism rate, the key indicator for measuring absenteeism in the workplace<\/span><\/b><span data-ccp-props=\"{&quot;201341983&quot;:0,&quot;335551550&quot;:6,&quot;335551620&quot;:6,&quot;335559739&quot;:160,&quot;335559740&quot;:259}\">\u00a0<\/span><\/h3>\n<p><span data-contrast=\"auto\">The absenteeism rate is the main indicator for measuring absenteeism in the workplace. To calculate the absenteeism rate, use this formula :<\/span><span data-ccp-props=\"{&quot;201341983&quot;:0,&quot;335551550&quot;:6,&quot;335551620&quot;:6,&quot;335559739&quot;:160,&quot;335559740&quot;:259}\">\u00a0<\/span><\/p>\n<\/div><\/div><div class=\"w-separator size_small\"><\/div><div class=\"w-image align_center\"><div class=\"w-image-h\"><img decoding=\"async\" width=\"1024\" height=\"576\" src=\"https:\/\/moovency.com\/wp-content\/uploads\/2022\/11\/moovency-measuring-absenteeism-what-absenteeism-costs-you-1024x576.png\" class=\"attachment-large size-large\" alt=\"\" loading=\"lazy\" srcset=\"https:\/\/moovency.com\/wp-content\/uploads\/2022\/11\/moovency-measuring-absenteeism-what-absenteeism-costs-you-1024x576.png 1024w, https:\/\/moovency.com\/wp-content\/uploads\/2022\/11\/moovency-measuring-absenteeism-what-absenteeism-costs-you-700x394.png 700w, https:\/\/moovency.com\/wp-content\/uploads\/2022\/11\/moovency-measuring-absenteeism-what-absenteeism-costs-you.png 1920w\" sizes=\"auto, (max-width: 1024px) 100vw, 1024px\" \/><\/div><\/div><div class=\"w-separator size_medium\"><\/div><div class=\"wpb_text_column\"><div class=\"wpb_wrapper\"><p><span data-contrast=\"auto\">Each measurement must be taken over the same period. Absenteeism rates are generally calculated on a monthly or annual basis.<\/span><span data-ccp-props=\"{&quot;201341983&quot;:0,&quot;335551550&quot;:6,&quot;335551620&quot;:6,&quot;335559739&quot;:160,&quot;335559740&quot;:259}\">\u00a0<\/span><\/p>\n<\/div><\/div><div class=\"w-separator size_medium\"><\/div><div class=\"wpb_text_column\"><div class=\"wpb_wrapper\"><h3><b><span data-contrast=\"auto\">Other indicators for evaluation<\/span><\/b><span data-ccp-props=\"{&quot;201341983&quot;:0,&quot;335551550&quot;:6,&quot;335551620&quot;:6,&quot;335559739&quot;:160,&quot;335559740&quot;:259}\">\u00a0<\/span><\/h3>\n<p><span data-contrast=\"auto\">In addition to the absenteeism rate, it may be useful to monitor other indicators to gain a better understanding of the extent of the phenomenon internally. Trends in the number of absences, their average duration and their distribution within the company (by department, age or profession) can provide strategic information.<\/span><span data-ccp-props=\"{&quot;201341983&quot;:0,&quot;335551550&quot;:6,&quot;335551620&quot;:6,&quot;335559739&quot;:160,&quot;335559740&quot;:259}\">\u00a0<\/span><\/p>\n<p><span data-contrast=\"auto\">Other HR and health prevention indicators are relevant depending on the situation: number of prevention actions planned, ROI of prevention actions, employee satisfaction questionnaires on working conditions, teleworking days taken, etc.<\/span><span data-ccp-props=\"{&quot;201341983&quot;:0,&quot;335551550&quot;:6,&quot;335551620&quot;:6,&quot;335559739&quot;:160,&quot;335559740&quot;:259}\">\u00a0<\/span><\/p>\n<\/div><\/div><div class=\"w-separator size_medium\"><\/div><div class=\"wpb_text_column\"><div class=\"wpb_wrapper\"><h3><b><span data-contrast=\"auto\">Measure absenteeism to initiate a prevention plan<\/span><\/b><span data-ccp-props=\"{&quot;201341983&quot;:0,&quot;335551550&quot;:6,&quot;335551620&quot;:6,&quot;335559739&quot;:160,&quot;335559740&quot;:259}\">\u00a0<\/span><\/h3>\n<p><span data-contrast=\"auto\">By tracking the right indicators, you&#8217;ll know whether your company is experiencing absenteeism. Awareness, backed up by figures from the field, is the first necessary step in launching an effective prevention plan. Ultimately, this will help reduce absenteeism in your company and the associated costs.<\/span><span data-ccp-props=\"{&quot;201341983&quot;:0,&quot;335551550&quot;:6,&quot;335551620&quot;:6,&quot;335559739&quot;:160,&quot;335559740&quot;:259}\">\u00a0<\/span><\/p>\n<\/div><\/div><\/div><\/div><\/div><\/div><\/div><\/section><section class=\"l-section wpb_row height_medium\"><div class=\"l-section-h i-cf\"><div class=\"g-cols vc_row via_flex valign_top type_default stacking_default\"><div class=\"vc_col-sm-12 wpb_column vc_column_container\"><div class=\"vc_column-inner\"><div class=\"wpb_wrapper\"><div class=\"wpb_text_column\"><div class=\"wpb_wrapper\"><p><strong>Sources\u00a0 :\u00a0<\/strong><\/p>\n<p>\u2022\u00a0\u00ab\u00a0<a href=\"https:\/\/www.lesechos.fr\/economie-france\/social\/france-le-cout-de-labsenteisme-au-travail-evalue-107-milliards-deuros-par-an-149477\" target=\"_blank\" rel=\"noopener\">France : le co\u00fbt de l\u2019absent\u00e9isme au travail \u00e9valu\u00e9 \u00e0 107 milliards d\u2019euros par an<\/a>\u00ab\u00a0, Les Echos, 2018<\/p>\n<p>\u2022\u00a0\u201c<a href=\"https:\/\/www.previa.fr\/developper-la-qvt\/le-cout-de-l-absenteisme-au-travail\/#:~:text=Les%20cons%C3%A9quences%20sont%20nombreuses%20et,7%25%20de%20la%20masse%20salariale\" target=\"_blank\" rel=\"noopener\">Le co\u00fbt de l\u2019absent\u00e9isme au travail<\/a>\u201d, Pr\u00e9via<\/p>\n<p>\u2022\u00a0\u201c<a href=\"https:\/\/culture-rh.com\/absenteisme-france-hausse\/\" target=\"_blank\" rel=\"noopener\">L\u2019absent\u00e9isme en France poursuit sa hausse : + 37% en 4 ansVerlingue publie son 1er Barom\u00e8tre Absent\u00e9isme<\/a>\u201d, Culture RH, 2022.<\/p>\n<p>\u2022 \u00ab\u00a0<a href=\"https:\/\/www.lucca.fr\/magazine\/ressources-humaines\/conges-et-absences\/absenteisme-au-travail\" target=\"_blank\" rel=\"noopener\">Absent\u00e9isme au travail : 5 m\u00e9thodes pour le pr\u00e9venirLes chiffres d\u2019Ameli.fr\u00a0\u00bb<\/a>, Paccioli, 2015<\/p>\n<\/div><\/div><\/div><\/div><\/div><\/div><\/div><\/section>\n","protected":false},"excerpt":{"rendered":"Measuring absenteeism: what absenteeism costs you Absenteeism has a cost, that&#8217;s a fact: it causes financial losses, but also human and material losses. In France, absenteeism costs a company around \u20ac3,500 a year per employee, or \u20ac25 billion, a sobering figure when you consider that absenteeism has been on the rise since 2017. In this...","protected":false},"author":4,"featured_media":2398,"comment_status":"closed","ping_status":"closed","sticky":false,"template":"","format":"standard","meta":{"_acf_changed":false,"content-type":"","footnotes":""},"categories":[29],"tags":[],"class_list":["post-3251","post","type-post","status-publish","format-standard","has-post-thumbnail","hentry","category-sante-au-travail-en"],"acf":[],"yoast_head":"<!-- This site is optimized with the Yoast SEO plugin v27.3 - https:\/\/yoast.com\/product\/yoast-seo-wordpress\/ -->\n<title>Measuring absenteeism: what absenteeism costs you - Moovency<\/title>\n<meta name=\"robots\" content=\"index, follow, max-snippet:-1, max-image-preview:large, max-video-preview:-1\" \/>\n<link rel=\"canonical\" href=\"https:\/\/moovency.com\/en\/measuring-absenteeism-what-absenteeism-costs-you\/\" \/>\n<meta property=\"og:locale\" content=\"en_US\" \/>\n<meta property=\"og:type\" content=\"article\" \/>\n<meta property=\"og:title\" content=\"Measuring absenteeism: what absenteeism costs you - Moovency\" \/>\n<meta property=\"og:url\" content=\"https:\/\/moovency.com\/en\/measuring-absenteeism-what-absenteeism-costs-you\/\" \/>\n<meta property=\"og:site_name\" content=\"Moovency\" \/>\n<meta property=\"article:published_time\" content=\"2022-11-25T14:20:45+00:00\" \/>\n<meta property=\"article:modified_time\" content=\"2024-06-20T09:28:51+00:00\" \/>\n<meta property=\"og:image\" content=\"https:\/\/moovency.com\/wp-content\/uploads\/2024\/03\/Absenteisme-en-entreprise-consequences.png\" \/>\n\t<meta property=\"og:image:width\" content=\"600\" \/>\n\t<meta property=\"og:image:height\" content=\"400\" \/>\n\t<meta property=\"og:image:type\" content=\"image\/png\" \/>\n<meta name=\"author\" content=\"Emilie MOOVENCY\" \/>\n<meta name=\"twitter:card\" content=\"summary_large_image\" \/>\n<meta name=\"twitter:label1\" content=\"Written by\" \/>\n\t<meta name=\"twitter:data1\" content=\"Emilie MOOVENCY\" \/>\n\t<meta name=\"twitter:label2\" content=\"Est. reading time\" \/>\n\t<meta name=\"twitter:data2\" content=\"5 minutes\" \/>\n<script type=\"application\/ld+json\" class=\"yoast-schema-graph\">{\"@context\":\"https:\\\/\\\/schema.org\",\"@graph\":[{\"@type\":\"Article\",\"@id\":\"https:\\\/\\\/moovency.com\\\/en\\\/measuring-absenteeism-what-absenteeism-costs-you\\\/#article\",\"isPartOf\":{\"@id\":\"https:\\\/\\\/moovency.com\\\/en\\\/measuring-absenteeism-what-absenteeism-costs-you\\\/\"},\"author\":{\"name\":\"Emilie MOOVENCY\",\"@id\":\"https:\\\/\\\/moovency.com\\\/#\\\/schema\\\/person\\\/e81cdce5ce9c9a772ddedba0702681d8\"},\"headline\":\"Measuring absenteeism: what absenteeism costs you\",\"datePublished\":\"2022-11-25T14:20:45+00:00\",\"dateModified\":\"2024-06-20T09:28:51+00:00\",\"mainEntityOfPage\":{\"@id\":\"https:\\\/\\\/moovency.com\\\/en\\\/measuring-absenteeism-what-absenteeism-costs-you\\\/\"},\"wordCount\":1080,\"publisher\":{\"@id\":\"https:\\\/\\\/moovency.com\\\/#organization\"},\"image\":{\"@id\":\"https:\\\/\\\/moovency.com\\\/en\\\/measuring-absenteeism-what-absenteeism-costs-you\\\/#primaryimage\"},\"thumbnailUrl\":\"https:\\\/\\\/moovency.com\\\/wp-content\\\/uploads\\\/2024\\\/03\\\/Absenteisme-en-entreprise-consequences.png\",\"articleSection\":[\"Health at work\"],\"inLanguage\":\"en-US\"},{\"@type\":\"WebPage\",\"@id\":\"https:\\\/\\\/moovency.com\\\/en\\\/measuring-absenteeism-what-absenteeism-costs-you\\\/\",\"url\":\"https:\\\/\\\/moovency.com\\\/en\\\/measuring-absenteeism-what-absenteeism-costs-you\\\/\",\"name\":\"Measuring absenteeism: what absenteeism costs you - Moovency\",\"isPartOf\":{\"@id\":\"https:\\\/\\\/moovency.com\\\/#website\"},\"primaryImageOfPage\":{\"@id\":\"https:\\\/\\\/moovency.com\\\/en\\\/measuring-absenteeism-what-absenteeism-costs-you\\\/#primaryimage\"},\"image\":{\"@id\":\"https:\\\/\\\/moovency.com\\\/en\\\/measuring-absenteeism-what-absenteeism-costs-you\\\/#primaryimage\"},\"thumbnailUrl\":\"https:\\\/\\\/moovency.com\\\/wp-content\\\/uploads\\\/2024\\\/03\\\/Absenteisme-en-entreprise-consequences.png\",\"datePublished\":\"2022-11-25T14:20:45+00:00\",\"dateModified\":\"2024-06-20T09:28:51+00:00\",\"breadcrumb\":{\"@id\":\"https:\\\/\\\/moovency.com\\\/en\\\/measuring-absenteeism-what-absenteeism-costs-you\\\/#breadcrumb\"},\"inLanguage\":\"en-US\",\"potentialAction\":[{\"@type\":\"ReadAction\",\"target\":[\"https:\\\/\\\/moovency.com\\\/en\\\/measuring-absenteeism-what-absenteeism-costs-you\\\/\"]}]},{\"@type\":\"ImageObject\",\"inLanguage\":\"en-US\",\"@id\":\"https:\\\/\\\/moovency.com\\\/en\\\/measuring-absenteeism-what-absenteeism-costs-you\\\/#primaryimage\",\"url\":\"https:\\\/\\\/moovency.com\\\/wp-content\\\/uploads\\\/2024\\\/03\\\/Absenteisme-en-entreprise-consequences.png\",\"contentUrl\":\"https:\\\/\\\/moovency.com\\\/wp-content\\\/uploads\\\/2024\\\/03\\\/Absenteisme-en-entreprise-consequences.png\",\"width\":600,\"height\":400},{\"@type\":\"BreadcrumbList\",\"@id\":\"https:\\\/\\\/moovency.com\\\/en\\\/measuring-absenteeism-what-absenteeism-costs-you\\\/#breadcrumb\",\"itemListElement\":[{\"@type\":\"ListItem\",\"position\":1,\"name\":\"Accueil\",\"item\":\"https:\\\/\\\/moovency.com\\\/en\\\/\"},{\"@type\":\"ListItem\",\"position\":2,\"name\":\"Measuring absenteeism: what absenteeism costs you\"}]},{\"@type\":\"WebSite\",\"@id\":\"https:\\\/\\\/moovency.com\\\/#website\",\"url\":\"https:\\\/\\\/moovency.com\\\/\",\"name\":\"Moovency\",\"description\":\"Ensemble r\u00e9inventons la pr\u00e9vention des TMS\",\"publisher\":{\"@id\":\"https:\\\/\\\/moovency.com\\\/#organization\"},\"potentialAction\":[{\"@type\":\"SearchAction\",\"target\":{\"@type\":\"EntryPoint\",\"urlTemplate\":\"https:\\\/\\\/moovency.com\\\/?s={search_term_string}\"},\"query-input\":{\"@type\":\"PropertyValueSpecification\",\"valueRequired\":true,\"valueName\":\"search_term_string\"}}],\"inLanguage\":\"en-US\"},{\"@type\":\"Organization\",\"@id\":\"https:\\\/\\\/moovency.com\\\/#organization\",\"name\":\"Moovency\",\"url\":\"https:\\\/\\\/moovency.com\\\/\",\"logo\":{\"@type\":\"ImageObject\",\"inLanguage\":\"en-US\",\"@id\":\"https:\\\/\\\/moovency.com\\\/#\\\/schema\\\/logo\\\/image\\\/\",\"url\":\"https:\\\/\\\/moovency.com\\\/wp-content\\\/uploads\\\/2024\\\/05\\\/moovency-logo.png\",\"contentUrl\":\"https:\\\/\\\/moovency.com\\\/wp-content\\\/uploads\\\/2024\\\/05\\\/moovency-logo.png\",\"width\":696,\"height\":696,\"caption\":\"Moovency\"},\"image\":{\"@id\":\"https:\\\/\\\/moovency.com\\\/#\\\/schema\\\/logo\\\/image\\\/\"}},{\"@type\":\"Person\",\"@id\":\"https:\\\/\\\/moovency.com\\\/#\\\/schema\\\/person\\\/e81cdce5ce9c9a772ddedba0702681d8\",\"name\":\"Emilie MOOVENCY\",\"image\":{\"@type\":\"ImageObject\",\"inLanguage\":\"en-US\",\"@id\":\"https:\\\/\\\/secure.gravatar.com\\\/avatar\\\/c1bae900e7316ea3c2cb7a749bc3f8aab090349a478192e2fb9f48c40ed3389c?s=96&d=mm&r=g\",\"url\":\"https:\\\/\\\/secure.gravatar.com\\\/avatar\\\/c1bae900e7316ea3c2cb7a749bc3f8aab090349a478192e2fb9f48c40ed3389c?s=96&d=mm&r=g\",\"contentUrl\":\"https:\\\/\\\/secure.gravatar.com\\\/avatar\\\/c1bae900e7316ea3c2cb7a749bc3f8aab090349a478192e2fb9f48c40ed3389c?s=96&d=mm&r=g\",\"caption\":\"Emilie MOOVENCY\"}}]}<\/script>\n<!-- \/ Yoast SEO plugin. -->","yoast_head_json":{"title":"Measuring absenteeism: what absenteeism costs you - Moovency","robots":{"index":"index","follow":"follow","max-snippet":"max-snippet:-1","max-image-preview":"max-image-preview:large","max-video-preview":"max-video-preview:-1"},"canonical":"https:\/\/moovency.com\/en\/measuring-absenteeism-what-absenteeism-costs-you\/","og_locale":"en_US","og_type":"article","og_title":"Measuring absenteeism: what absenteeism costs you - Moovency","og_url":"https:\/\/moovency.com\/en\/measuring-absenteeism-what-absenteeism-costs-you\/","og_site_name":"Moovency","article_published_time":"2022-11-25T14:20:45+00:00","article_modified_time":"2024-06-20T09:28:51+00:00","og_image":[{"width":600,"height":400,"url":"https:\/\/moovency.com\/wp-content\/uploads\/2024\/03\/Absenteisme-en-entreprise-consequences.png","type":"image\/png"}],"author":"Emilie MOOVENCY","twitter_card":"summary_large_image","twitter_misc":{"Written by":"Emilie MOOVENCY","Est. reading time":"5 minutes"},"schema":{"@context":"https:\/\/schema.org","@graph":[{"@type":"Article","@id":"https:\/\/moovency.com\/en\/measuring-absenteeism-what-absenteeism-costs-you\/#article","isPartOf":{"@id":"https:\/\/moovency.com\/en\/measuring-absenteeism-what-absenteeism-costs-you\/"},"author":{"name":"Emilie MOOVENCY","@id":"https:\/\/moovency.com\/#\/schema\/person\/e81cdce5ce9c9a772ddedba0702681d8"},"headline":"Measuring absenteeism: what absenteeism costs you","datePublished":"2022-11-25T14:20:45+00:00","dateModified":"2024-06-20T09:28:51+00:00","mainEntityOfPage":{"@id":"https:\/\/moovency.com\/en\/measuring-absenteeism-what-absenteeism-costs-you\/"},"wordCount":1080,"publisher":{"@id":"https:\/\/moovency.com\/#organization"},"image":{"@id":"https:\/\/moovency.com\/en\/measuring-absenteeism-what-absenteeism-costs-you\/#primaryimage"},"thumbnailUrl":"https:\/\/moovency.com\/wp-content\/uploads\/2024\/03\/Absenteisme-en-entreprise-consequences.png","articleSection":["Health at work"],"inLanguage":"en-US"},{"@type":"WebPage","@id":"https:\/\/moovency.com\/en\/measuring-absenteeism-what-absenteeism-costs-you\/","url":"https:\/\/moovency.com\/en\/measuring-absenteeism-what-absenteeism-costs-you\/","name":"Measuring absenteeism: what absenteeism costs you - Moovency","isPartOf":{"@id":"https:\/\/moovency.com\/#website"},"primaryImageOfPage":{"@id":"https:\/\/moovency.com\/en\/measuring-absenteeism-what-absenteeism-costs-you\/#primaryimage"},"image":{"@id":"https:\/\/moovency.com\/en\/measuring-absenteeism-what-absenteeism-costs-you\/#primaryimage"},"thumbnailUrl":"https:\/\/moovency.com\/wp-content\/uploads\/2024\/03\/Absenteisme-en-entreprise-consequences.png","datePublished":"2022-11-25T14:20:45+00:00","dateModified":"2024-06-20T09:28:51+00:00","breadcrumb":{"@id":"https:\/\/moovency.com\/en\/measuring-absenteeism-what-absenteeism-costs-you\/#breadcrumb"},"inLanguage":"en-US","potentialAction":[{"@type":"ReadAction","target":["https:\/\/moovency.com\/en\/measuring-absenteeism-what-absenteeism-costs-you\/"]}]},{"@type":"ImageObject","inLanguage":"en-US","@id":"https:\/\/moovency.com\/en\/measuring-absenteeism-what-absenteeism-costs-you\/#primaryimage","url":"https:\/\/moovency.com\/wp-content\/uploads\/2024\/03\/Absenteisme-en-entreprise-consequences.png","contentUrl":"https:\/\/moovency.com\/wp-content\/uploads\/2024\/03\/Absenteisme-en-entreprise-consequences.png","width":600,"height":400},{"@type":"BreadcrumbList","@id":"https:\/\/moovency.com\/en\/measuring-absenteeism-what-absenteeism-costs-you\/#breadcrumb","itemListElement":[{"@type":"ListItem","position":1,"name":"Accueil","item":"https:\/\/moovency.com\/en\/"},{"@type":"ListItem","position":2,"name":"Measuring absenteeism: what absenteeism costs you"}]},{"@type":"WebSite","@id":"https:\/\/moovency.com\/#website","url":"https:\/\/moovency.com\/","name":"Moovency","description":"Ensemble r\u00e9inventons la pr\u00e9vention des TMS","publisher":{"@id":"https:\/\/moovency.com\/#organization"},"potentialAction":[{"@type":"SearchAction","target":{"@type":"EntryPoint","urlTemplate":"https:\/\/moovency.com\/?s={search_term_string}"},"query-input":{"@type":"PropertyValueSpecification","valueRequired":true,"valueName":"search_term_string"}}],"inLanguage":"en-US"},{"@type":"Organization","@id":"https:\/\/moovency.com\/#organization","name":"Moovency","url":"https:\/\/moovency.com\/","logo":{"@type":"ImageObject","inLanguage":"en-US","@id":"https:\/\/moovency.com\/#\/schema\/logo\/image\/","url":"https:\/\/moovency.com\/wp-content\/uploads\/2024\/05\/moovency-logo.png","contentUrl":"https:\/\/moovency.com\/wp-content\/uploads\/2024\/05\/moovency-logo.png","width":696,"height":696,"caption":"Moovency"},"image":{"@id":"https:\/\/moovency.com\/#\/schema\/logo\/image\/"}},{"@type":"Person","@id":"https:\/\/moovency.com\/#\/schema\/person\/e81cdce5ce9c9a772ddedba0702681d8","name":"Emilie MOOVENCY","image":{"@type":"ImageObject","inLanguage":"en-US","@id":"https:\/\/secure.gravatar.com\/avatar\/c1bae900e7316ea3c2cb7a749bc3f8aab090349a478192e2fb9f48c40ed3389c?s=96&d=mm&r=g","url":"https:\/\/secure.gravatar.com\/avatar\/c1bae900e7316ea3c2cb7a749bc3f8aab090349a478192e2fb9f48c40ed3389c?s=96&d=mm&r=g","contentUrl":"https:\/\/secure.gravatar.com\/avatar\/c1bae900e7316ea3c2cb7a749bc3f8aab090349a478192e2fb9f48c40ed3389c?s=96&d=mm&r=g","caption":"Emilie MOOVENCY"}}]}},"_links":{"self":[{"href":"https:\/\/moovency.com\/en\/wp-json\/wp\/v2\/posts\/3251","targetHints":{"allow":["GET"]}}],"collection":[{"href":"https:\/\/moovency.com\/en\/wp-json\/wp\/v2\/posts"}],"about":[{"href":"https:\/\/moovency.com\/en\/wp-json\/wp\/v2\/types\/post"}],"author":[{"embeddable":true,"href":"https:\/\/moovency.com\/en\/wp-json\/wp\/v2\/users\/4"}],"replies":[{"embeddable":true,"href":"https:\/\/moovency.com\/en\/wp-json\/wp\/v2\/comments?post=3251"}],"version-history":[{"count":0,"href":"https:\/\/moovency.com\/en\/wp-json\/wp\/v2\/posts\/3251\/revisions"}],"wp:featuredmedia":[{"embeddable":true,"href":"https:\/\/moovency.com\/en\/wp-json\/wp\/v2\/media\/2398"}],"wp:attachment":[{"href":"https:\/\/moovency.com\/en\/wp-json\/wp\/v2\/media?parent=3251"}],"wp:term":[{"taxonomy":"category","embeddable":true,"href":"https:\/\/moovency.com\/en\/wp-json\/wp\/v2\/categories?post=3251"},{"taxonomy":"post_tag","embeddable":true,"href":"https:\/\/moovency.com\/en\/wp-json\/wp\/v2\/tags?post=3251"}],"curies":[{"name":"wp","href":"https:\/\/api.w.org\/{rel}","templated":true}]}}